{"id":4904,"date":"2026-02-09T15:11:35","date_gmt":"2026-02-09T14:11:35","guid":{"rendered":"https:\/\/www.helvetic-payroll.ch\/?p=4904"},"modified":"2026-02-09T15:11:37","modified_gmt":"2026-02-09T14:11:37","slug":"hr-payroll-in-der-schweiz-was-sich-2026-konkret-aendert","status":"publish","type":"post","link":"https:\/\/www.helvetic-payroll.ch\/de\/blog\/cat-news\/hr-payroll-in-der-schweiz-was-sich-2026-konkret-aendert\/","title":{"rendered":"HR &amp; Payroll in der Schweiz: Was sich 2026 konkret \u00e4ndert"},"content":{"rendered":"\n<p>Das Jahr 2026 markiert einen wichtigen Wendepunkt f\u00fcr Schweizer Unternehmen im Bereich&nbsp;<strong>Human Resources, Payroll und Compliance<\/strong>. Neben h\u00e4ufig diskutierten HR-Trends treten mehrere&nbsp;<strong>offiziell angek\u00fcndigte regulatorische \u00c4nderungen<\/strong>&nbsp;in Kraft oder entfalten nun direkte Auswirkungen auf die Lohnabrechnung, Sozialversicherungsbeitr\u00e4ge und Meldepflichten der Arbeitgeber.<\/p>\n\n\n\n<p>\u00c4nderungen beim&nbsp;<strong>Lohnausweis<\/strong>, Anpassungen bei den&nbsp;<strong>Sozialversicherungsbeitr\u00e4gen<\/strong>, die Einf\u00fchrung neuer&nbsp;<strong>AHV-Leistungen<\/strong>&nbsp;sowie erh\u00f6hte Anforderungen an die&nbsp;<strong>Zuverl\u00e4ssigkeit und Compliance von Lohndaten<\/strong>&nbsp;k\u00f6nnen nicht mehr isoliert betrachtet werden. Zusammengenommen ver\u00e4ndern sie den Rahmen, in dem HR-, Finanz- und Payroll-Abteilungen ab 2026 operieren m\u00fcssen.<\/p>\n\n\n\n<p>F\u00fcr Unternehmen besteht die zentrale Herausforderung darin, die \u00c4nderungen fr\u00fchzeitig zu identifizieren und deren konkrete Auswirkungen auf die Lohnprozesse und internen Abl\u00e4ufe zu bewerten.<\/p>\n\n\n\n<h2 class=\"wp-block-heading\"><strong>1. Warum 2026 ein Schl\u00fcsseljahr f\u00fcr HR und Payroll in der Schweiz ist<\/strong><\/h2>\n\n\n\n<p>2026 ist keine rein technische Anpassung. Das Jahr steht im Kontext einer umfassenderen Entwicklung hin zu&nbsp;<strong>strengeren regulatorischen Anforderungen<\/strong>&nbsp;und einer deutlich geringeren&nbsp;<strong>Fehlertoleranz in der Lohnabrechnung<\/strong>.<\/p>\n\n\n\n<p>Die Beh\u00f6rden erwarten von Arbeitgebern zunehmend:<\/p>\n\n\n\n<ul class=\"wp-block-list\">\n<li>eine\u00a0<strong>h\u00f6here Genauigkeit der Lohndaten<\/strong>,<\/li>\n\n\n\n<li>eine\u00a0<strong>klare Nachvollziehbarkeit der gemeldeten Informationen<\/strong>,<\/li>\n\n\n\n<li>die F\u00e4higkeit, ausbezahlte und deklarierte Betr\u00e4ge jederzeit zu begr\u00fcnden.<\/li>\n<\/ul>\n\n\n\n<p>In der Praxis kann Payroll nicht l\u00e4nger als rein administrative Funktion betrachtet werden. Fehler, die fr\u00fcher ohne gr\u00f6\u00dfere Konsequenzen korrigiert werden konnten, bergen heute&nbsp;<strong>finanzielle, rechtliche und teilweise reputationsbezogene Risiken<\/strong>.<\/p>\n\n\n\n<p>Diese Entwicklung betrifft Unternehmen jeder Gr\u00f6\u00dfe. KMU und internationale Konzerne unterliegen denselben Anforderungen. Die regulatorische Komplexit\u00e4t nimmt zu, w\u00e4hrend Transparenz und Pr\u00e4zision st\u00e4rker gefordert werden. Payroll wird damit zu einem&nbsp;<strong>unternehmensweiten Compliance-Thema<\/strong>, das HR, Finance, IT und Gesch\u00e4ftsleitung gleicherma\u00dfen betrifft.<\/p>\n\n\n\n<h2 class=\"wp-block-heading\"><strong>2. Lohnausweis 2026: Versch\u00e4rfte formale Anforderungen<\/strong><\/h2>\n\n\n\n<p>Der Lohnausweis nimmt im Schweizer Steuer- und Sozialversicherungssystem eine zentrale Rolle ein. F\u00fcr 2026 versch\u00e4rfen die von der Steuerverwaltung ver\u00f6ffentlichten Richtlinien seine Bedeutung weiter.<\/p>\n\n\n\n<h3 class=\"wp-block-heading\">Strengere formelle Vorgaben<\/h3>\n\n\n\n<p>Ab 2026 muss im&nbsp;<strong>Feld H des Lohnausweises<\/strong>&nbsp;zwingend die vollst\u00e4ndige und aktuelle Wohnadresse des Mitarbeitenden zum Zeitpunkt der Ausstellung angegeben werden. Erforderlich sind die vollst\u00e4ndigen Identit\u00e4tsangaben sowie der effektive Wohnsitz.<\/p>\n\n\n\n<p>Zudem wird die Angabe&nbsp;<strong>\u201eTeilzeitanstellung\u201c<\/strong>&nbsp;unter&nbsp;<strong>Ziffer 15<\/strong>&nbsp;f\u00fcr betroffene Mitarbeitende obligatorisch. Diese Angaben, die bisher teilweise als nebens\u00e4chlich betrachtet wurden, stellen k\u00fcnftig explizite Pr\u00fcfungsfelder dar.<\/p>\n\n\n\n<h3 class=\"wp-block-heading\">Anpassungen bei Spesen und Nebenleistungen<\/h3>\n\n\n\n<p>Mehrere \u00c4nderungen betreffen Spesen und geldwerte Vorteile:<\/p>\n\n\n\n<ul class=\"wp-block-list\">\n<li>Die Kilometerentsch\u00e4digung f\u00fcr die Nutzung eines privaten Fahrzeugs steigt auf\u00a0<strong>CHF 0.75 pro Kilometer<\/strong>,<\/li>\n\n\n\n<li>Spesenreglemente, die einer steuerlichen Genehmigung unterliegen, m\u00fcssen den Mustern der\u00a0<strong>Schweizerischen Steuerkonferenz<\/strong>\u00a0entsprechen,<\/li>\n\n\n\n<li>Der Freibetrag f\u00fcr nicht deklarationspflichtige Naturalgeschenke und Eventtickets wird auf\u00a0<strong>CHF 600 pro Jahr<\/strong>erh\u00f6ht \u2013 auch wenn diese Leistungen von Dritten erbracht werden.<\/li>\n<\/ul>\n\n\n\n<p>Diese Anpassungen reduzieren Interpretationsspielr\u00e4ume und verst\u00e4rken die Verbindung zwischen Lohnabrechnung, Spesenreglement und Lohnausweis.<\/p>\n\n\n\n<h3 class=\"wp-block-heading\">Erforderliche Gesamtkoh\u00e4renz<\/h3>\n\n\n\n<p>Die im Lohnausweis ausgewiesenen Betr\u00e4ge m\u00fcssen mit den Berechnungsgrundlagen der Sozialversicherungsbeitr\u00e4ge sowie den unterj\u00e4hrig angewendeten Payroll-Einstellungen \u00fcbereinstimmen. Inkonsistenzen lassen sich nicht mehr lediglich am Jahresende korrigieren, sondern k\u00f6nnen R\u00fcckfragen oder nachtr\u00e4gliche Anpassungen ausl\u00f6sen.<\/p>\n\n\n\n<p>Der Lohnausweis wird somit zur Zusammenfassung s\u00e4mtlicher Payroll-Entscheidungen und -Parametrisierungen eines Gesch\u00e4ftsjahres. Seine Qualit\u00e4t h\u00e4ngt unmittelbar von der Verl\u00e4sslichkeit der \u00fcber das Jahr hinweg erfassten Daten ab.<\/p>\n\n\n\n<h2 class=\"wp-block-heading\"><strong>3. Lohntransparenz und internationaler Datenaustausch<\/strong><\/h2>\n\n\n\n<p>Ab 2026 st\u00e4rkt die Schweiz die steuerliche Transparenz weiter mit dem Inkrafttreten des&nbsp;<strong>Bundesgesetzes \u00fcber den automatischen Austausch von Lohndaten (LEADS)<\/strong>. Dieses Gesetz schafft die rechtliche Grundlage f\u00fcr den automatischen Austausch von Lohndaten mit bestimmten Partnerstaaten, insbesondere Frankreich und Italien, im Rahmen von Doppelbesteuerungsabkommen.<\/p>\n\n\n\n<h3 class=\"wp-block-heading\">Automatischer Austausch auf Basis von Lohndaten<\/h3>\n\n\n\n<p>\u00dcbermittelt werden unter anderem:<\/p>\n\n\n\n<ul class=\"wp-block-list\">\n<li>vollst\u00e4ndige Identit\u00e4tsdaten des Mitarbeitenden,<\/li>\n\n\n\n<li>Bruttolohnbetr\u00e4ge,<\/li>\n\n\n\n<li>obligatorische Sozialversicherungsbeitr\u00e4ge,<\/li>\n\n\n\n<li>Quellensteuerabz\u00fcge,<\/li>\n\n\n\n<li>Angaben zum Arbeitgeber.<\/li>\n<\/ul>\n\n\n\n<p>Diese Austauschmechanismen betreffen insbesondere&nbsp;<strong>Grenzg\u00e4ngerinnen und Grenzg\u00e4nger<\/strong>&nbsp;sowie Konstellationen mit&nbsp;<strong>grenz\u00fcberschreitendem Homeoffice<\/strong>. Eine Ausweitung auf weitere Staaten ist k\u00fcnftig m\u00f6glich.<\/p>\n\n\n\n<h3 class=\"wp-block-heading\">Direkte Auswirkungen auf die Datenqualit\u00e4t<\/h3>\n\n\n\n<p>Die Lohnabrechnung wird zur prim\u00e4ren Datenquelle f\u00fcr ausl\u00e4ndische Steuerbeh\u00f6rden. Fehler oder Inkonsistenzen k\u00f6nnen damit grenz\u00fcberschreitende Folgen haben.<\/p>\n\n\n\n<p>Zuverl\u00e4ssigkeit der Daten, Dokumentation der Prozesse und die F\u00e4higkeit zur nachvollziehbaren Erkl\u00e4rung deklarierter Betr\u00e4ge gewinnen somit eine internationale Dimension. Payroll ist nicht mehr nur ein internes Instrument, sondern ein&nbsp;<strong>beh\u00f6rden\u00fcbergreifender Informationskanal<\/strong>.<\/p>\n\n\n\n<h2 class=\"wp-block-heading\"><strong>4. Grenz\u00fcberschreitende Arbeit und Homeoffice: Erh\u00f6hte Arbeitgeberpflichten<\/strong><\/h2>\n\n\n\n<p>Die mit Frankreich, Italien und Deutschland geschlossenen Abkommen verst\u00e4rken die Meldepflichten Schweizer Arbeitgeber.<\/p>\n\n\n\n<p>F\u00fcr italienische Grenzg\u00e4nger \u00fcbermitteln die kantonalen Steuerbeh\u00f6rden j\u00e4hrlich detaillierte Daten zu Verg\u00fctungen, Sozialversicherungsbeitr\u00e4gen und Quellensteuern an die italienischen Beh\u00f6rden \u2013 basierend auf Payroll-Daten.<\/p>\n\n\n\n<p>Im Verh\u00e4ltnis zu Frankreich sieht das Zusatzabkommen zum Homeoffice die j\u00e4hrliche \u00dcbermittlung pr\u00e4ziser Informationen vor, etwa zur Anzahl oder zum prozentualen Anteil der Homeoffice-Tage sowie zum gesamten Bruttolohn.<\/p>\n\n\n\n<p>Diese Verpflichtungen gehen mit einer erh\u00f6hten&nbsp;<strong>Transparenzpflicht gegen\u00fcber den Mitarbeitenden<\/strong>&nbsp;einher. Arbeitgeber m\u00fcssen die betroffenen Personen \u00fcber Art, Umfang und Modalit\u00e4ten des Datenaustauschs informieren.<\/p>\n\n\n\n<h2 class=\"wp-block-heading\"><strong>5. Sozialversicherungen und Beitr\u00e4ge: Konkrete Anpassungen<\/strong><\/h2>\n\n\n\n<h3 class=\"wp-block-heading\">Neue Verfahren und Digitalisierung<\/h3>\n\n\n\n<p>Ab 2026 m\u00fcssen Antr\u00e4ge auf&nbsp;<strong>Erwerbsersatz (EO\/APG)<\/strong>&nbsp;im Zusammenhang mit obligatorischen Dienstleistungen ausschlie\u00dflich digital eingereicht werden. Papierformulare entfallen. Dies erfordert eine Anpassung interner Prozesse sowie eine engere Abstimmung mit Mitarbeitenden und Ausgleichskassen.<\/p>\n\n\n\n<p>Auch Antr\u00e4ge auf Arbeitslosenentsch\u00e4digung basieren k\u00fcnftig auf neuen Formularen im System&nbsp;<strong>SIPAC 2.0<\/strong>. Alte Versionen werden ab Januar 2026 nicht mehr akzeptiert. Unternehmen mit eigener Payroll-Software m\u00fcssen ihre Systeme entsprechend anpassen.<\/p>\n\n\n\n<h3 class=\"wp-block-heading\">Erweiterung der AHV-Beitragspflicht<\/h3>\n\n\n\n<p>Ab 2026 unterliegen in bestimmten Kultur- und Medienbereichen Einkommen&nbsp;<strong>ab dem ersten Franken der AHV-Beitragspflicht<\/strong>, auch bei sehr kurzen Eins\u00e4tzen. Damit erweitert sich der Kreis der beitragspflichtigen Verg\u00fctungen, insbesondere bei gelegentlichen T\u00e4tigkeiten.<\/p>\n\n\n\n<h3 class=\"wp-block-heading\">Berufliche Vorsorge und AHV<\/h3>\n\n\n\n<p>Der Mindestzinssatz in der beruflichen Vorsorge (BVG) bleibt 2026 bei&nbsp;<strong>1.25 %<\/strong>. Bestimmte Hinterlassenen- und Invalidenrenten werden erstmals an die Teuerung angepasst.<\/p>\n\n\n\n<p>Die Reform&nbsp;<strong>AHV 21<\/strong>&nbsp;entfaltet weiterhin Wirkung: 2026 steigt das Referenzalter f\u00fcr Frauen auf&nbsp;<strong>64 Jahre und 6 Monate<\/strong>.<\/p>\n\n\n\n<p>Zudem wird im Dezember 2026 erstmals eine&nbsp;<strong>13. AHV-Rente<\/strong>&nbsp;ausbezahlt. Diese erfolgt automatisch und entspricht einem Zw\u00f6lftel der j\u00e4hrlich bezogenen Altersrente.<\/p>\n\n\n\n<h2 class=\"wp-block-heading\"><strong>6. Payroll und Compliance: Dauerhaft erh\u00f6hte Anforderungen<\/strong><\/h2>\n\n\n\n<p>Compliance im Bereich Payroll beschr\u00e4nkt sich nicht mehr auf die formelle Einhaltung gesetzlicher Vorgaben. Entscheidend sind heute:<\/p>\n\n\n\n<ul class=\"wp-block-list\">\n<li>die\u00a0<strong>Nachvollziehbarkeit der Lohndaten<\/strong>,<\/li>\n\n\n\n<li>deren\u00a0<strong>Sicherheit und Integrit\u00e4t<\/strong>,<\/li>\n\n\n\n<li>sowie die\u00a0<strong>Dokumentation der zugrunde liegenden Prozesse<\/strong>.<\/li>\n<\/ul>\n\n\n\n<p>Auch bei einer Auslagerung der Lohnabrechnung an einen externen Dienstleister verbleibt die rechtliche und administrative Verantwortung beim Arbeitgeber. Outsourcing ver\u00e4ndert die operative Organisation, nicht jedoch die Gesamtverantwortung.<\/p>\n\n\n\n<p>Die Entwicklungen f\u00fcr 2026 zeigen, dass regulatorische, steuerliche und sozialversicherungsrechtliche Anpassungen sich kumulativ auf den gesamten Payroll-Zyklus auswirken.<\/p>\n\n\n\n<h2 class=\"wp-block-heading\"><strong>Fazit<\/strong><\/h2>\n\n\n\n<p>In einem zunehmend anspruchsvollen regulatorischen Umfeld wird Payroll zu einer&nbsp;<strong>strategischen S\u00e4ule der Unternehmensf\u00fchrung in der Schweiz<\/strong>. Sie vereint Compliance-, Transparenz- und Finanzthemen und betrifft damit direkt die Gesch\u00e4ftsleitung.<\/p>\n\n\n\n<p>Im Jahr 2026 ist Payroll nicht mehr lediglich ein Recheninstrument, sondern eine&nbsp;<strong>kritische Infrastruktur<\/strong>&nbsp;im Zusammenspiel mit Schweizer und ausl\u00e4ndischen Beh\u00f6rden \u2013 und ein zentraler Faktor f\u00fcr das Vertrauen zwischen Arbeitgeber und Mitarbeitenden.<\/p>\n\n\n\n<h2 class=\"wp-block-heading\"><strong>\u00dcber Helvetic Payroll<\/strong><\/h2>\n\n\n\n<p>Helvetic Payroll ist der f\u00fchrende Anbieter f\u00fcr Payrolling in der Schweiz. Seit 2021 sind wir Teil der <a href=\"https:\/\/en.freelance.com\">Freelance.com Group<\/a>, dem europ\u00e4ischen Marktf\u00fchrer f\u00fcr sichere L\u00f6sungen zur Verbindung von Talenten und Unternehmen.<\/p>\n\n\n\n<p>Ben\u00f6tigen Sie Unterst\u00fctzung oder Beratung? <a href=\"https:\/\/www.helvetic-payroll.ch\/de\/kontaktieren-sie-uns\/\">Kontaktieren Sie uns<\/a> oder <a href=\"https:\/\/careers.helvetic-payroll.ch\/de\">entdecken Sie unsere offenen Stellenangebote.<\/a><\/p>\n\n\n\n<p><\/p>\n","protected":false},"excerpt":{"rendered":"<p>Das Jahr 2026 markiert einen wichtigen Wendepunkt f\u00fcr Schweizer Unternehmen im Bereich&nbsp;Human Resources, Payroll und Compliance. Neben h\u00e4ufig diskutierten HR-Trends treten mehrere&nbsp;offiziell angek\u00fcndigte regulatorische \u00c4nderungen&nbsp;in Kraft oder entfalten nun direkte Auswirkungen auf die Lohnabrechnung, Sozialversicherungsbeitr\u00e4ge und Meldepflichten der Arbeitgeber. \u00c4nderungen beim&nbsp;Lohnausweis, Anpassungen bei den&nbsp;Sozialversicherungsbeitr\u00e4gen, die Einf\u00fchrung neuer&nbsp;AHV-Leistungen&nbsp;sowie erh\u00f6hte Anforderungen an die&nbsp;Zuverl\u00e4ssigkeit und Compliance von Lohndaten&nbsp;k\u00f6nnen [&hellip;]<\/p>\n","protected":false},"author":16,"featured_media":4855,"comment_status":"open","ping_status":"closed","sticky":false,"template":"","format":"standard","meta":{"inline_featured_image":false,"footnotes":""},"categories":[63],"tags":[],"posts_author":[74],"class_list":["post-4904","post","type-post","status-publish","format-standard","has-post-thumbnail","hentry","category-nachrichten","fp_author-ivan-rego-de"],"acf":[],"yoast_head":"<!-- This site is optimized with the Yoast SEO plugin v27.5 - https:\/\/yoast.com\/product\/yoast-seo-wordpress\/ -->\n<title>HR &amp; Payroll in der Schweiz: Was sich 2026 konkret \u00e4ndert - Helvetic Payroll<\/title>\n<meta name=\"description\" content=\"Payroll 2026 in der Schweiz: Versch\u00e4rfte Regeln f\u00fcr Lohnausweis, AHV, Datenaustausch und neue Pflichten f\u00fcr Arbeitgeber.\" \/>\n<meta name=\"robots\" content=\"index, follow, max-snippet:-1, max-image-preview:large, max-video-preview:-1\" \/>\n<link rel=\"canonical\" href=\"https:\/\/www.helvetic-payroll.ch\/de\/blog\/cat-news\/hr-payroll-in-der-schweiz-was-sich-2026-konkret-aendert\/\" \/>\n<meta property=\"og:locale\" content=\"de_DE\" \/>\n<meta property=\"og:type\" content=\"article\" \/>\n<meta property=\"og:title\" content=\"HR &amp; Payroll in der Schweiz: Was sich 2026 konkret \u00e4ndert - Helvetic Payroll\" \/>\n<meta property=\"og:description\" content=\"Payroll 2026 in der Schweiz: Versch\u00e4rfte Regeln f\u00fcr Lohnausweis, AHV, Datenaustausch und neue Pflichten f\u00fcr Arbeitgeber.\" \/>\n<meta property=\"og:url\" content=\"https:\/\/www.helvetic-payroll.ch\/de\/blog\/cat-news\/hr-payroll-in-der-schweiz-was-sich-2026-konkret-aendert\/\" \/>\n<meta property=\"og:site_name\" content=\"Helvetic Payroll\" \/>\n<meta property=\"article:publisher\" content=\"https:\/\/www.facebook.com\/HelveticPayroll\" \/>\n<meta property=\"article:published_time\" content=\"2026-02-09T14:11:35+00:00\" \/>\n<meta property=\"article:modified_time\" content=\"2026-02-09T14:11:37+00:00\" \/>\n<meta property=\"og:image\" content=\"https:\/\/www.helvetic-payroll.ch\/wp-content\/uploads\/2026\/01\/Freelance-com-2000-9.jpg\" \/>\n\t<meta property=\"og:image:width\" content=\"2000\" \/>\n\t<meta property=\"og:image:height\" content=\"1333\" \/>\n\t<meta property=\"og:image:type\" content=\"image\/jpeg\" \/>\n<meta name=\"author\" content=\"Mathilde Goisset\" \/>\n<meta name=\"twitter:card\" content=\"summary_large_image\" \/>\n<meta name=\"twitter:creator\" content=\"@HelveticPayroll\" \/>\n<meta name=\"twitter:site\" content=\"@HelveticPayroll\" \/>\n<meta name=\"twitter:label1\" content=\"Verfasst von\" \/>\n\t<meta name=\"twitter:data1\" content=\"Mathilde Goisset\" \/>\n\t<meta name=\"twitter:label2\" content=\"Gesch\u00e4tzte Lesezeit\" \/>\n\t<meta name=\"twitter:data2\" content=\"6 Minuten\" \/>\n<script type=\"application\/ld+json\" class=\"yoast-schema-graph\">{\"@context\":\"https:\\\/\\\/schema.org\",\"@graph\":[{\"@type\":\"Article\",\"@id\":\"https:\\\/\\\/www.helvetic-payroll.ch\\\/de\\\/blog\\\/cat-news\\\/hr-payroll-in-der-schweiz-was-sich-2026-konkret-aendert\\\/#article\",\"isPartOf\":{\"@id\":\"https:\\\/\\\/www.helvetic-payroll.ch\\\/de\\\/blog\\\/cat-news\\\/hr-payroll-in-der-schweiz-was-sich-2026-konkret-aendert\\\/\"},\"author\":{\"name\":\"Mathilde Goisset\",\"@id\":\"https:\\\/\\\/www.helvetic-payroll.ch\\\/fr\\\/#\\\/schema\\\/person\\\/7921898d99440866ad00f68694eae384\"},\"headline\":\"HR &amp; Payroll in der Schweiz: Was sich 2026 konkret \u00e4ndert\",\"datePublished\":\"2026-02-09T14:11:35+00:00\",\"dateModified\":\"2026-02-09T14:11:37+00:00\",\"mainEntityOfPage\":{\"@id\":\"https:\\\/\\\/www.helvetic-payroll.ch\\\/de\\\/blog\\\/cat-news\\\/hr-payroll-in-der-schweiz-was-sich-2026-konkret-aendert\\\/\"},\"wordCount\":1232,\"commentCount\":0,\"publisher\":{\"@id\":\"https:\\\/\\\/www.helvetic-payroll.ch\\\/fr\\\/#organization\"},\"image\":{\"@id\":\"https:\\\/\\\/www.helvetic-payroll.ch\\\/de\\\/blog\\\/cat-news\\\/hr-payroll-in-der-schweiz-was-sich-2026-konkret-aendert\\\/#primaryimage\"},\"thumbnailUrl\":\"https:\\\/\\\/www.helvetic-payroll.ch\\\/wp-content\\\/uploads\\\/2026\\\/01\\\/Freelance-com-2000-9.jpg\",\"articleSection\":[\"Nachrichten\"],\"inLanguage\":\"de-DE\",\"potentialAction\":[{\"@type\":\"CommentAction\",\"name\":\"Comment\",\"target\":[\"https:\\\/\\\/www.helvetic-payroll.ch\\\/de\\\/blog\\\/cat-news\\\/hr-payroll-in-der-schweiz-was-sich-2026-konkret-aendert\\\/#respond\"]}]},{\"@type\":\"WebPage\",\"@id\":\"https:\\\/\\\/www.helvetic-payroll.ch\\\/de\\\/blog\\\/cat-news\\\/hr-payroll-in-der-schweiz-was-sich-2026-konkret-aendert\\\/\",\"url\":\"https:\\\/\\\/www.helvetic-payroll.ch\\\/de\\\/blog\\\/cat-news\\\/hr-payroll-in-der-schweiz-was-sich-2026-konkret-aendert\\\/\",\"name\":\"HR &amp; Payroll in der Schweiz: Was sich 2026 konkret \u00e4ndert - Helvetic Payroll\",\"isPartOf\":{\"@id\":\"https:\\\/\\\/www.helvetic-payroll.ch\\\/fr\\\/#website\"},\"primaryImageOfPage\":{\"@id\":\"https:\\\/\\\/www.helvetic-payroll.ch\\\/de\\\/blog\\\/cat-news\\\/hr-payroll-in-der-schweiz-was-sich-2026-konkret-aendert\\\/#primaryimage\"},\"image\":{\"@id\":\"https:\\\/\\\/www.helvetic-payroll.ch\\\/de\\\/blog\\\/cat-news\\\/hr-payroll-in-der-schweiz-was-sich-2026-konkret-aendert\\\/#primaryimage\"},\"thumbnailUrl\":\"https:\\\/\\\/www.helvetic-payroll.ch\\\/wp-content\\\/uploads\\\/2026\\\/01\\\/Freelance-com-2000-9.jpg\",\"datePublished\":\"2026-02-09T14:11:35+00:00\",\"dateModified\":\"2026-02-09T14:11:37+00:00\",\"description\":\"Payroll 2026 in der Schweiz: Versch\u00e4rfte Regeln f\u00fcr Lohnausweis, AHV, Datenaustausch und neue Pflichten f\u00fcr Arbeitgeber.\",\"inLanguage\":\"de-DE\",\"potentialAction\":[{\"@type\":\"ReadAction\",\"target\":[\"https:\\\/\\\/www.helvetic-payroll.ch\\\/de\\\/blog\\\/cat-news\\\/hr-payroll-in-der-schweiz-was-sich-2026-konkret-aendert\\\/\"]}]},{\"@type\":\"ImageObject\",\"inLanguage\":\"de-DE\",\"@id\":\"https:\\\/\\\/www.helvetic-payroll.ch\\\/de\\\/blog\\\/cat-news\\\/hr-payroll-in-der-schweiz-was-sich-2026-konkret-aendert\\\/#primaryimage\",\"url\":\"https:\\\/\\\/www.helvetic-payroll.ch\\\/wp-content\\\/uploads\\\/2026\\\/01\\\/Freelance-com-2000-9.jpg\",\"contentUrl\":\"https:\\\/\\\/www.helvetic-payroll.ch\\\/wp-content\\\/uploads\\\/2026\\\/01\\\/Freelance-com-2000-9.jpg\",\"width\":2000,\"height\":1333,\"caption\":\"RH et paie 2026\"},{\"@type\":\"WebSite\",\"@id\":\"https:\\\/\\\/www.helvetic-payroll.ch\\\/fr\\\/#website\",\"url\":\"https:\\\/\\\/www.helvetic-payroll.ch\\\/fr\\\/\",\"name\":\"Helvetic Payroll\",\"description\":\"\",\"publisher\":{\"@id\":\"https:\\\/\\\/www.helvetic-payroll.ch\\\/fr\\\/#organization\"},\"potentialAction\":[{\"@type\":\"SearchAction\",\"target\":{\"@type\":\"EntryPoint\",\"urlTemplate\":\"https:\\\/\\\/www.helvetic-payroll.ch\\\/fr\\\/?s={search_term_string}\"},\"query-input\":{\"@type\":\"PropertyValueSpecification\",\"valueRequired\":true,\"valueName\":\"search_term_string\"}}],\"inLanguage\":\"de-DE\"},{\"@type\":\"Organization\",\"@id\":\"https:\\\/\\\/www.helvetic-payroll.ch\\\/fr\\\/#organization\",\"name\":\"Helvetic Payroll\",\"url\":\"https:\\\/\\\/www.helvetic-payroll.ch\\\/fr\\\/\",\"logo\":{\"@type\":\"ImageObject\",\"inLanguage\":\"de-DE\",\"@id\":\"https:\\\/\\\/www.helvetic-payroll.ch\\\/fr\\\/#\\\/schema\\\/logo\\\/image\\\/\",\"url\":\"https:\\\/\\\/www.helvetic-payroll.ch\\\/wp-content\\\/uploads\\\/2025\\\/07\\\/HP-Logo-couleur-scaled.png\",\"contentUrl\":\"https:\\\/\\\/www.helvetic-payroll.ch\\\/wp-content\\\/uploads\\\/2025\\\/07\\\/HP-Logo-couleur-scaled.png\",\"width\":2560,\"height\":1204,\"caption\":\"Helvetic Payroll\"},\"image\":{\"@id\":\"https:\\\/\\\/www.helvetic-payroll.ch\\\/fr\\\/#\\\/schema\\\/logo\\\/image\\\/\"},\"sameAs\":[\"https:\\\/\\\/www.facebook.com\\\/HelveticPayroll\",\"https:\\\/\\\/x.com\\\/HelveticPayroll\"]},{\"@type\":\"Person\",\"@id\":\"https:\\\/\\\/www.helvetic-payroll.ch\\\/fr\\\/#\\\/schema\\\/person\\\/7921898d99440866ad00f68694eae384\",\"name\":\"Mathilde Goisset\",\"image\":{\"@type\":\"ImageObject\",\"inLanguage\":\"de-DE\",\"@id\":\"https:\\\/\\\/secure.gravatar.com\\\/avatar\\\/e12ff39c2b895e06740aedcab298b84eefd25bc01a9f001b57bd579d456fcdb0?s=96&d=mm&r=g\",\"url\":\"https:\\\/\\\/secure.gravatar.com\\\/avatar\\\/e12ff39c2b895e06740aedcab298b84eefd25bc01a9f001b57bd579d456fcdb0?s=96&d=mm&r=g\",\"contentUrl\":\"https:\\\/\\\/secure.gravatar.com\\\/avatar\\\/e12ff39c2b895e06740aedcab298b84eefd25bc01a9f001b57bd579d456fcdb0?s=96&d=mm&r=g\",\"caption\":\"Mathilde Goisset\"}}]}<\/script>\n<!-- \/ Yoast SEO plugin. -->","yoast_head_json":{"title":"HR &amp; Payroll in der Schweiz: Was sich 2026 konkret \u00e4ndert - Helvetic Payroll","description":"Payroll 2026 in der Schweiz: Versch\u00e4rfte Regeln f\u00fcr Lohnausweis, AHV, Datenaustausch und neue Pflichten f\u00fcr Arbeitgeber.","robots":{"index":"index","follow":"follow","max-snippet":"max-snippet:-1","max-image-preview":"max-image-preview:large","max-video-preview":"max-video-preview:-1"},"canonical":"https:\/\/www.helvetic-payroll.ch\/de\/blog\/cat-news\/hr-payroll-in-der-schweiz-was-sich-2026-konkret-aendert\/","og_locale":"de_DE","og_type":"article","og_title":"HR &amp; Payroll in der Schweiz: Was sich 2026 konkret \u00e4ndert - Helvetic Payroll","og_description":"Payroll 2026 in der Schweiz: Versch\u00e4rfte Regeln f\u00fcr Lohnausweis, AHV, Datenaustausch und neue Pflichten f\u00fcr Arbeitgeber.","og_url":"https:\/\/www.helvetic-payroll.ch\/de\/blog\/cat-news\/hr-payroll-in-der-schweiz-was-sich-2026-konkret-aendert\/","og_site_name":"Helvetic Payroll","article_publisher":"https:\/\/www.facebook.com\/HelveticPayroll","article_published_time":"2026-02-09T14:11:35+00:00","article_modified_time":"2026-02-09T14:11:37+00:00","og_image":[{"width":2000,"height":1333,"url":"https:\/\/www.helvetic-payroll.ch\/wp-content\/uploads\/2026\/01\/Freelance-com-2000-9.jpg","type":"image\/jpeg"}],"author":"Mathilde Goisset","twitter_card":"summary_large_image","twitter_creator":"@HelveticPayroll","twitter_site":"@HelveticPayroll","twitter_misc":{"Verfasst von":"Mathilde Goisset","Gesch\u00e4tzte Lesezeit":"6 Minuten"},"schema":{"@context":"https:\/\/schema.org","@graph":[{"@type":"Article","@id":"https:\/\/www.helvetic-payroll.ch\/de\/blog\/cat-news\/hr-payroll-in-der-schweiz-was-sich-2026-konkret-aendert\/#article","isPartOf":{"@id":"https:\/\/www.helvetic-payroll.ch\/de\/blog\/cat-news\/hr-payroll-in-der-schweiz-was-sich-2026-konkret-aendert\/"},"author":{"name":"Mathilde Goisset","@id":"https:\/\/www.helvetic-payroll.ch\/fr\/#\/schema\/person\/7921898d99440866ad00f68694eae384"},"headline":"HR &amp; Payroll in der Schweiz: Was sich 2026 konkret \u00e4ndert","datePublished":"2026-02-09T14:11:35+00:00","dateModified":"2026-02-09T14:11:37+00:00","mainEntityOfPage":{"@id":"https:\/\/www.helvetic-payroll.ch\/de\/blog\/cat-news\/hr-payroll-in-der-schweiz-was-sich-2026-konkret-aendert\/"},"wordCount":1232,"commentCount":0,"publisher":{"@id":"https:\/\/www.helvetic-payroll.ch\/fr\/#organization"},"image":{"@id":"https:\/\/www.helvetic-payroll.ch\/de\/blog\/cat-news\/hr-payroll-in-der-schweiz-was-sich-2026-konkret-aendert\/#primaryimage"},"thumbnailUrl":"https:\/\/www.helvetic-payroll.ch\/wp-content\/uploads\/2026\/01\/Freelance-com-2000-9.jpg","articleSection":["Nachrichten"],"inLanguage":"de-DE","potentialAction":[{"@type":"CommentAction","name":"Comment","target":["https:\/\/www.helvetic-payroll.ch\/de\/blog\/cat-news\/hr-payroll-in-der-schweiz-was-sich-2026-konkret-aendert\/#respond"]}]},{"@type":"WebPage","@id":"https:\/\/www.helvetic-payroll.ch\/de\/blog\/cat-news\/hr-payroll-in-der-schweiz-was-sich-2026-konkret-aendert\/","url":"https:\/\/www.helvetic-payroll.ch\/de\/blog\/cat-news\/hr-payroll-in-der-schweiz-was-sich-2026-konkret-aendert\/","name":"HR &amp; Payroll in der Schweiz: Was sich 2026 konkret \u00e4ndert - Helvetic Payroll","isPartOf":{"@id":"https:\/\/www.helvetic-payroll.ch\/fr\/#website"},"primaryImageOfPage":{"@id":"https:\/\/www.helvetic-payroll.ch\/de\/blog\/cat-news\/hr-payroll-in-der-schweiz-was-sich-2026-konkret-aendert\/#primaryimage"},"image":{"@id":"https:\/\/www.helvetic-payroll.ch\/de\/blog\/cat-news\/hr-payroll-in-der-schweiz-was-sich-2026-konkret-aendert\/#primaryimage"},"thumbnailUrl":"https:\/\/www.helvetic-payroll.ch\/wp-content\/uploads\/2026\/01\/Freelance-com-2000-9.jpg","datePublished":"2026-02-09T14:11:35+00:00","dateModified":"2026-02-09T14:11:37+00:00","description":"Payroll 2026 in der Schweiz: Versch\u00e4rfte Regeln f\u00fcr Lohnausweis, AHV, Datenaustausch und neue Pflichten f\u00fcr Arbeitgeber.","inLanguage":"de-DE","potentialAction":[{"@type":"ReadAction","target":["https:\/\/www.helvetic-payroll.ch\/de\/blog\/cat-news\/hr-payroll-in-der-schweiz-was-sich-2026-konkret-aendert\/"]}]},{"@type":"ImageObject","inLanguage":"de-DE","@id":"https:\/\/www.helvetic-payroll.ch\/de\/blog\/cat-news\/hr-payroll-in-der-schweiz-was-sich-2026-konkret-aendert\/#primaryimage","url":"https:\/\/www.helvetic-payroll.ch\/wp-content\/uploads\/2026\/01\/Freelance-com-2000-9.jpg","contentUrl":"https:\/\/www.helvetic-payroll.ch\/wp-content\/uploads\/2026\/01\/Freelance-com-2000-9.jpg","width":2000,"height":1333,"caption":"RH et paie 2026"},{"@type":"WebSite","@id":"https:\/\/www.helvetic-payroll.ch\/fr\/#website","url":"https:\/\/www.helvetic-payroll.ch\/fr\/","name":"Helvetic Payroll","description":"","publisher":{"@id":"https:\/\/www.helvetic-payroll.ch\/fr\/#organization"},"potentialAction":[{"@type":"SearchAction","target":{"@type":"EntryPoint","urlTemplate":"https:\/\/www.helvetic-payroll.ch\/fr\/?s={search_term_string}"},"query-input":{"@type":"PropertyValueSpecification","valueRequired":true,"valueName":"search_term_string"}}],"inLanguage":"de-DE"},{"@type":"Organization","@id":"https:\/\/www.helvetic-payroll.ch\/fr\/#organization","name":"Helvetic Payroll","url":"https:\/\/www.helvetic-payroll.ch\/fr\/","logo":{"@type":"ImageObject","inLanguage":"de-DE","@id":"https:\/\/www.helvetic-payroll.ch\/fr\/#\/schema\/logo\/image\/","url":"https:\/\/www.helvetic-payroll.ch\/wp-content\/uploads\/2025\/07\/HP-Logo-couleur-scaled.png","contentUrl":"https:\/\/www.helvetic-payroll.ch\/wp-content\/uploads\/2025\/07\/HP-Logo-couleur-scaled.png","width":2560,"height":1204,"caption":"Helvetic Payroll"},"image":{"@id":"https:\/\/www.helvetic-payroll.ch\/fr\/#\/schema\/logo\/image\/"},"sameAs":["https:\/\/www.facebook.com\/HelveticPayroll","https:\/\/x.com\/HelveticPayroll"]},{"@type":"Person","@id":"https:\/\/www.helvetic-payroll.ch\/fr\/#\/schema\/person\/7921898d99440866ad00f68694eae384","name":"Mathilde Goisset","image":{"@type":"ImageObject","inLanguage":"de-DE","@id":"https:\/\/secure.gravatar.com\/avatar\/e12ff39c2b895e06740aedcab298b84eefd25bc01a9f001b57bd579d456fcdb0?s=96&d=mm&r=g","url":"https:\/\/secure.gravatar.com\/avatar\/e12ff39c2b895e06740aedcab298b84eefd25bc01a9f001b57bd579d456fcdb0?s=96&d=mm&r=g","contentUrl":"https:\/\/secure.gravatar.com\/avatar\/e12ff39c2b895e06740aedcab298b84eefd25bc01a9f001b57bd579d456fcdb0?s=96&d=mm&r=g","caption":"Mathilde Goisset"}}]}},"_links":{"self":[{"href":"https:\/\/www.helvetic-payroll.ch\/de\/wp-json\/wp\/v2\/posts\/4904","targetHints":{"allow":["GET"]}}],"collection":[{"href":"https:\/\/www.helvetic-payroll.ch\/de\/wp-json\/wp\/v2\/posts"}],"about":[{"href":"https:\/\/www.helvetic-payroll.ch\/de\/wp-json\/wp\/v2\/types\/post"}],"author":[{"embeddable":true,"href":"https:\/\/www.helvetic-payroll.ch\/de\/wp-json\/wp\/v2\/users\/16"}],"replies":[{"embeddable":true,"href":"https:\/\/www.helvetic-payroll.ch\/de\/wp-json\/wp\/v2\/comments?post=4904"}],"version-history":[{"count":0,"href":"https:\/\/www.helvetic-payroll.ch\/de\/wp-json\/wp\/v2\/posts\/4904\/revisions"}],"wp:featuredmedia":[{"embeddable":true,"href":"https:\/\/www.helvetic-payroll.ch\/de\/wp-json\/wp\/v2\/media\/4855"}],"wp:attachment":[{"href":"https:\/\/www.helvetic-payroll.ch\/de\/wp-json\/wp\/v2\/media?parent=4904"}],"wp:term":[{"taxonomy":"category","embeddable":true,"href":"https:\/\/www.helvetic-payroll.ch\/de\/wp-json\/wp\/v2\/categories?post=4904"},{"taxonomy":"post_tag","embeddable":true,"href":"https:\/\/www.helvetic-payroll.ch\/de\/wp-json\/wp\/v2\/tags?post=4904"},{"taxonomy":"fp_author","embeddable":true,"href":"https:\/\/www.helvetic-payroll.ch\/de\/wp-json\/wp\/v2\/posts_author?post=4904"}],"curies":[{"name":"wp","href":"https:\/\/api.w.org\/{rel}","templated":true}]}}