{"id":4972,"date":"2026-02-26T17:41:24","date_gmt":"2026-02-26T16:41:24","guid":{"rendered":"https:\/\/www.helvetic-payroll.ch\/?p=4972"},"modified":"2026-02-26T17:41:25","modified_gmt":"2026-02-26T16:41:25","slug":"freelance-com-ueberschreitet-erneut-die-marke-von-1-milliarde-euro-umsatz","status":"publish","type":"post","link":"https:\/\/www.helvetic-payroll.ch\/de\/blog\/cat-news\/freelance-com-ueberschreitet-erneut-die-marke-von-1-milliarde-euro-umsatz\/","title":{"rendered":"Freelance.com \u00fcberschreitet erneut die Marke von 1 Milliarde Euro Umsatz"},"content":{"rendered":"\n<p><strong>Zum zweiten Mal in Folge \u00fcbersteigt die Freelance.com-Gruppe \u2013 Muttergesellschaft von Helvetic Payroll \u2013 die Schwelle von 1 Milliarde Euro Umsatz.<\/strong><br>\u00dcber die reine Finanzkennzahl hinaus best\u00e4tigt dieses Ergebnis eine grundlegende Entwicklung: den nachhaltigen Wandel des Arbeitsmarktes und den wachsenden Einsatz flexibler Modelle zur Einbindung von Fachkr\u00e4ften.<\/p>\n\n\n\n<h2 class=\"wp-block-heading\">Wachstum als Zeichen eines strukturellen Marktwandels<\/h2>\n\n\n\n<p>Die Marke von 1 Milliarde Euro Umsatz einmal zu erreichen, kann ein aussergew\u00f6hnliches Jahr widerspiegeln. Zwei Jahre in Folge ist es hingegen ein deutlich st\u00e4rkeres Signal: Das Modell hat sich etabliert.<\/p>\n\n\n\n<p>Unternehmen ver\u00e4ndern seit einigen Jahren ihre Art zu rekrutieren und ihre Organisation aufzubauen. Projekte werden k\u00fcrzer, Kompetenzen spezialisierter, und Organisationen m\u00fcssen Expertise rasch verf\u00fcgbar machen k\u00f6nnen, ohne ihre internen Strukturen dauerhaft zu vergr\u00f6ssern.<\/p>\n\n\n\n<p>Genau hier positioniert sich die Freelance.com-Gruppe: Unternehmen einen schnellen Zugang zu externem Know-how zu erm\u00f6glichen und gleichzeitig in einem rechtlich sicheren und konformen Rahmen zu operieren.<\/p>\n\n\n\n<p>Diese Entwicklung betrifft mittlerweile alle Branchen \u2013 Industrie, Banken, IT, Life Sciences sowie internationale Organisationen \u2013 und ist besonders in der Schweiz deutlich sichtbar.<\/p>\n\n\n\n<h2 class=\"wp-block-heading\">Bedeutung f\u00fcr die Schweiz<\/h2>\n\n\n\n<p>In der Schweiz wird die Gruppe durch Helvetic Payroll vertreten, mit einer klaren Spezialisierung:&nbsp;<strong>Payrolling (Employer of Record)<\/strong>&nbsp;innerhalb des schweizerischen Rechtsrahmens des Personalverleihs.<\/p>\n\n\n\n<p>Konkret erm\u00f6glicht dies Unternehmen:<\/p>\n\n\n\n<ul class=\"wp-block-list\">\n<li>einen Experten oder Berater schnell einzusetzen<\/li>\n\n\n\n<li>ohne eine interne Stelle zu schaffen<\/li>\n\n\n\n<li>und gleichzeitig die arbeits-, sozialversicherungs- und steuerrechtlichen Anforderungen der Schweiz vollst\u00e4ndig einzuhalten<\/li>\n<\/ul>\n\n\n\n<p>F\u00fcr Fachkr\u00e4fte bedeutet dies Zugang zu lokalen Mandaten bei gleichzeitigem Schweizer Arbeitsvertrag, vollst\u00e4ndiger sozialer Absicherung und einer extern \u00fcbernommenen administrativen Abwicklung.<\/p>\n\n\n\n<p>Das Wachstum der Gruppe best\u00e4tigt, was wir t\u00e4glich beobachten:<br>Unternehmen m\u00f6chten heute nicht mehr nur rekrutieren \u2013 sie m\u00f6chten&nbsp;<strong>Kompetenzen mobilisieren<\/strong>.<\/p>\n\n\n\n<h2 class=\"wp-block-heading\">Ein \u00d6kosystem statt eines klassischen Dienstleisters<\/h2>\n\n\n\n<p>Das Modell der Gruppe basiert auf einem zentralen Prinzip: Es geht nicht nur um Administration oder Vermittlung, sondern um ein echtes \u00d6kosystem, das Unternehmen, Partner und Experten miteinander verbindet.<\/p>\n\n\n\n<p>Das Vertrauen der Kunden und das Engagement der Teams haben diesen Meilenstein erm\u00f6glicht \u2013 vor allem aber den Aufbau einer internationalen Plattform, die neue Arbeitsformen unterst\u00fctzt: selbst\u00e4ndige Beratung, internationale Eins\u00e4tze, tempor\u00e4re Projekte und den gezielten Einsatz spezialisierter Fachkr\u00e4fte.<\/p>\n\n\n\n<h2 class=\"wp-block-heading\">Ein Meilenstein, kein Endpunkt<\/h2>\n\n\n\n<p>Die \u00dcberschreitung der Marke von 1 Milliarde Euro Umsatz ist ein wichtiger Schritt, jedoch kein Ziel an sich.<br>Der Arbeitsmarkt entwickelt sich weiterhin dynamisch, und Unternehmen m\u00fcssen operative Agilit\u00e4t mit regulatorischer Compliance verbinden \u2013 insbesondere in der Schweiz.<\/p>\n\n\n\n<p>F\u00fcr Helvetic Payroll st\u00e4rkt dieses Ergebnis eine klare Ambition:<br>Unternehmen weiterhin flexiblen Zugang zu Talenten zu erm\u00f6glichen und Experten gleichzeitig einen sicheren und konformen Rahmen f\u00fcr ihre T\u00e4tigkeit zu bieten.<\/p>\n\n\n\n<p><strong>Wir danken unseren Kunden, Partnern und Beratern f\u00fcr ihr Vertrauen.<br>Wir gehen weiter \u2013 gemeinsam. <\/strong><\/p>\n\n\n\n<h2 class=\"wp-block-heading\"><strong>\u00dcber Helvetic Payroll<\/strong><\/h2>\n\n\n\n<p>Helvetic Payroll ist der f\u00fchrende Anbieter f\u00fcr Payrolling in der Schweiz. Seit 2021 sind wir Teil der&nbsp;<a href=\"https:\/\/en.freelance.com\">Freelance.com Group<\/a>, dem europ\u00e4ischen Marktf\u00fchrer f\u00fcr sichere L\u00f6sungen zur Verbindung von Talenten und Unternehmen.<\/p>\n\n\n\n<p>Ben\u00f6tigen Sie Unterst\u00fctzung oder Beratung?&nbsp;<a href=\"https:\/\/www.helvetic-payroll.ch\/de\/kontaktieren-sie-uns\/\">Kontaktieren Sie uns<\/a>&nbsp;oder&nbsp;<a href=\"https:\/\/careers.helvetic-payroll.ch\/de\">entdecken Sie unsere offenen Stellenangebote.<\/a><\/p>\n","protected":false},"excerpt":{"rendered":"<p>Zum zweiten Mal in Folge \u00fcbersteigt die Freelance.com-Gruppe \u2013 Muttergesellschaft von Helvetic Payroll \u2013 die Schwelle von 1 Milliarde Euro Umsatz.\u00dcber die reine Finanzkennzahl hinaus best\u00e4tigt dieses Ergebnis eine grundlegende Entwicklung: den nachhaltigen Wandel des Arbeitsmarktes und den wachsenden Einsatz flexibler Modelle zur Einbindung von Fachkr\u00e4ften. Wachstum als Zeichen eines strukturellen Marktwandels Die Marke von [&hellip;]<\/p>\n","protected":false},"author":16,"featured_media":4970,"comment_status":"open","ping_status":"closed","sticky":false,"template":"","format":"standard","meta":{"inline_featured_image":false,"footnotes":""},"categories":[63],"tags":[],"posts_author":[],"class_list":["post-4972","post","type-post","status-publish","format-standard","has-post-thumbnail","hentry","category-nachrichten"],"acf":[],"yoast_head":"<!-- This site is optimized with the Yoast SEO plugin v27.5 - https:\/\/yoast.com\/product\/yoast-seo-wordpress\/ -->\n<title>Freelance.com \u00fcberschreitet erneut die Marke von 1 Milliarde Euro Umsatz - Helvetic Payroll<\/title>\n<meta name=\"description\" content=\"Zum zweiten Mal in Folge \u00fcberschreitet Freelance.com die Marke von 1 Milliarde Euro Umsatz und best\u00e4tigt damit die St\u00e4rke seines Gesch\u00e4ftsmodells und flexibler Arbeitsmodelle.\" \/>\n<meta name=\"robots\" content=\"index, follow, max-snippet:-1, max-image-preview:large, max-video-preview:-1\" \/>\n<link rel=\"canonical\" href=\"https:\/\/www.helvetic-payroll.ch\/de\/blog\/cat-news\/freelance-com-ueberschreitet-erneut-die-marke-von-1-milliarde-euro-umsatz\/\" \/>\n<meta property=\"og:locale\" content=\"de_DE\" \/>\n<meta property=\"og:type\" content=\"article\" \/>\n<meta property=\"og:title\" content=\"Freelance.com \u00fcberschreitet erneut die Marke von 1 Milliarde Euro Umsatz - Helvetic Payroll\" \/>\n<meta property=\"og:description\" content=\"Zum zweiten Mal in Folge \u00fcberschreitet Freelance.com die Marke von 1 Milliarde Euro Umsatz und best\u00e4tigt damit die St\u00e4rke seines Gesch\u00e4ftsmodells und flexibler Arbeitsmodelle.\" \/>\n<meta property=\"og:url\" content=\"https:\/\/www.helvetic-payroll.ch\/de\/blog\/cat-news\/freelance-com-ueberschreitet-erneut-die-marke-von-1-milliarde-euro-umsatz\/\" \/>\n<meta property=\"og:site_name\" content=\"Helvetic Payroll\" \/>\n<meta property=\"article:publisher\" content=\"https:\/\/www.facebook.com\/HelveticPayroll\" \/>\n<meta property=\"article:published_time\" content=\"2026-02-26T16:41:24+00:00\" \/>\n<meta property=\"article:modified_time\" content=\"2026-02-26T16:41:25+00:00\" \/>\n<meta property=\"og:image\" content=\"https:\/\/www.helvetic-payroll.ch\/wp-content\/uploads\/2026\/02\/Freelance.com-CA-2025.jpeg\" \/>\n\t<meta property=\"og:image:width\" content=\"800\" \/>\n\t<meta property=\"og:image:height\" content=\"800\" \/>\n\t<meta property=\"og:image:type\" content=\"image\/jpeg\" \/>\n<meta name=\"author\" content=\"Mathilde Goisset\" \/>\n<meta name=\"twitter:card\" content=\"summary_large_image\" \/>\n<meta name=\"twitter:creator\" content=\"@HelveticPayroll\" \/>\n<meta name=\"twitter:site\" content=\"@HelveticPayroll\" \/>\n<meta name=\"twitter:label1\" content=\"Verfasst von\" \/>\n\t<meta name=\"twitter:data1\" content=\"Mathilde Goisset\" \/>\n\t<meta name=\"twitter:label2\" content=\"Gesch\u00e4tzte Lesezeit\" \/>\n\t<meta name=\"twitter:data2\" content=\"3 Minuten\" \/>\n<script type=\"application\/ld+json\" class=\"yoast-schema-graph\">{\"@context\":\"https:\\\/\\\/schema.org\",\"@graph\":[{\"@type\":\"Article\",\"@id\":\"https:\\\/\\\/www.helvetic-payroll.ch\\\/de\\\/blog\\\/cat-news\\\/freelance-com-ueberschreitet-erneut-die-marke-von-1-milliarde-euro-umsatz\\\/#article\",\"isPartOf\":{\"@id\":\"https:\\\/\\\/www.helvetic-payroll.ch\\\/de\\\/blog\\\/cat-news\\\/freelance-com-ueberschreitet-erneut-die-marke-von-1-milliarde-euro-umsatz\\\/\"},\"author\":{\"name\":\"Mathilde Goisset\",\"@id\":\"https:\\\/\\\/www.helvetic-payroll.ch\\\/fr\\\/#\\\/schema\\\/person\\\/7921898d99440866ad00f68694eae384\"},\"headline\":\"Freelance.com \u00fcberschreitet erneut die Marke von 1 Milliarde Euro Umsatz\",\"datePublished\":\"2026-02-26T16:41:24+00:00\",\"dateModified\":\"2026-02-26T16:41:25+00:00\",\"mainEntityOfPage\":{\"@id\":\"https:\\\/\\\/www.helvetic-payroll.ch\\\/de\\\/blog\\\/cat-news\\\/freelance-com-ueberschreitet-erneut-die-marke-von-1-milliarde-euro-umsatz\\\/\"},\"wordCount\":524,\"commentCount\":0,\"publisher\":{\"@id\":\"https:\\\/\\\/www.helvetic-payroll.ch\\\/fr\\\/#organization\"},\"image\":{\"@id\":\"https:\\\/\\\/www.helvetic-payroll.ch\\\/de\\\/blog\\\/cat-news\\\/freelance-com-ueberschreitet-erneut-die-marke-von-1-milliarde-euro-umsatz\\\/#primaryimage\"},\"thumbnailUrl\":\"https:\\\/\\\/www.helvetic-payroll.ch\\\/wp-content\\\/uploads\\\/2026\\\/02\\\/Freelance.com-CA-2025.jpeg\",\"articleSection\":[\"Nachrichten\"],\"inLanguage\":\"de-DE\",\"potentialAction\":[{\"@type\":\"CommentAction\",\"name\":\"Comment\",\"target\":[\"https:\\\/\\\/www.helvetic-payroll.ch\\\/de\\\/blog\\\/cat-news\\\/freelance-com-ueberschreitet-erneut-die-marke-von-1-milliarde-euro-umsatz\\\/#respond\"]}]},{\"@type\":\"WebPage\",\"@id\":\"https:\\\/\\\/www.helvetic-payroll.ch\\\/de\\\/blog\\\/cat-news\\\/freelance-com-ueberschreitet-erneut-die-marke-von-1-milliarde-euro-umsatz\\\/\",\"url\":\"https:\\\/\\\/www.helvetic-payroll.ch\\\/de\\\/blog\\\/cat-news\\\/freelance-com-ueberschreitet-erneut-die-marke-von-1-milliarde-euro-umsatz\\\/\",\"name\":\"Freelance.com \u00fcberschreitet erneut die Marke von 1 Milliarde Euro Umsatz - Helvetic Payroll\",\"isPartOf\":{\"@id\":\"https:\\\/\\\/www.helvetic-payroll.ch\\\/fr\\\/#website\"},\"primaryImageOfPage\":{\"@id\":\"https:\\\/\\\/www.helvetic-payroll.ch\\\/de\\\/blog\\\/cat-news\\\/freelance-com-ueberschreitet-erneut-die-marke-von-1-milliarde-euro-umsatz\\\/#primaryimage\"},\"image\":{\"@id\":\"https:\\\/\\\/www.helvetic-payroll.ch\\\/de\\\/blog\\\/cat-news\\\/freelance-com-ueberschreitet-erneut-die-marke-von-1-milliarde-euro-umsatz\\\/#primaryimage\"},\"thumbnailUrl\":\"https:\\\/\\\/www.helvetic-payroll.ch\\\/wp-content\\\/uploads\\\/2026\\\/02\\\/Freelance.com-CA-2025.jpeg\",\"datePublished\":\"2026-02-26T16:41:24+00:00\",\"dateModified\":\"2026-02-26T16:41:25+00:00\",\"description\":\"Zum zweiten Mal in Folge \u00fcberschreitet Freelance.com die Marke von 1 Milliarde Euro Umsatz und best\u00e4tigt damit die St\u00e4rke seines Gesch\u00e4ftsmodells und flexibler Arbeitsmodelle.\",\"inLanguage\":\"de-DE\",\"potentialAction\":[{\"@type\":\"ReadAction\",\"target\":[\"https:\\\/\\\/www.helvetic-payroll.ch\\\/de\\\/blog\\\/cat-news\\\/freelance-com-ueberschreitet-erneut-die-marke-von-1-milliarde-euro-umsatz\\\/\"]}]},{\"@type\":\"ImageObject\",\"inLanguage\":\"de-DE\",\"@id\":\"https:\\\/\\\/www.helvetic-payroll.ch\\\/de\\\/blog\\\/cat-news\\\/freelance-com-ueberschreitet-erneut-die-marke-von-1-milliarde-euro-umsatz\\\/#primaryimage\",\"url\":\"https:\\\/\\\/www.helvetic-payroll.ch\\\/wp-content\\\/uploads\\\/2026\\\/02\\\/Freelance.com-CA-2025.jpeg\",\"contentUrl\":\"https:\\\/\\\/www.helvetic-payroll.ch\\\/wp-content\\\/uploads\\\/2026\\\/02\\\/Freelance.com-CA-2025.jpeg\",\"width\":800,\"height\":800,\"caption\":\"Freelance.com CA 2025\"},{\"@type\":\"WebSite\",\"@id\":\"https:\\\/\\\/www.helvetic-payroll.ch\\\/fr\\\/#website\",\"url\":\"https:\\\/\\\/www.helvetic-payroll.ch\\\/fr\\\/\",\"name\":\"Helvetic Payroll\",\"description\":\"\",\"publisher\":{\"@id\":\"https:\\\/\\\/www.helvetic-payroll.ch\\\/fr\\\/#organization\"},\"potentialAction\":[{\"@type\":\"SearchAction\",\"target\":{\"@type\":\"EntryPoint\",\"urlTemplate\":\"https:\\\/\\\/www.helvetic-payroll.ch\\\/fr\\\/?s={search_term_string}\"},\"query-input\":{\"@type\":\"PropertyValueSpecification\",\"valueRequired\":true,\"valueName\":\"search_term_string\"}}],\"inLanguage\":\"de-DE\"},{\"@type\":\"Organization\",\"@id\":\"https:\\\/\\\/www.helvetic-payroll.ch\\\/fr\\\/#organization\",\"name\":\"Helvetic Payroll\",\"url\":\"https:\\\/\\\/www.helvetic-payroll.ch\\\/fr\\\/\",\"logo\":{\"@type\":\"ImageObject\",\"inLanguage\":\"de-DE\",\"@id\":\"https:\\\/\\\/www.helvetic-payroll.ch\\\/fr\\\/#\\\/schema\\\/logo\\\/image\\\/\",\"url\":\"https:\\\/\\\/www.helvetic-payroll.ch\\\/wp-content\\\/uploads\\\/2025\\\/07\\\/HP-Logo-couleur-scaled.png\",\"contentUrl\":\"https:\\\/\\\/www.helvetic-payroll.ch\\\/wp-content\\\/uploads\\\/2025\\\/07\\\/HP-Logo-couleur-scaled.png\",\"width\":2560,\"height\":1204,\"caption\":\"Helvetic Payroll\"},\"image\":{\"@id\":\"https:\\\/\\\/www.helvetic-payroll.ch\\\/fr\\\/#\\\/schema\\\/logo\\\/image\\\/\"},\"sameAs\":[\"https:\\\/\\\/www.facebook.com\\\/HelveticPayroll\",\"https:\\\/\\\/x.com\\\/HelveticPayroll\"]},{\"@type\":\"Person\",\"@id\":\"https:\\\/\\\/www.helvetic-payroll.ch\\\/fr\\\/#\\\/schema\\\/person\\\/7921898d99440866ad00f68694eae384\",\"name\":\"Mathilde Goisset\",\"image\":{\"@type\":\"ImageObject\",\"inLanguage\":\"de-DE\",\"@id\":\"https:\\\/\\\/secure.gravatar.com\\\/avatar\\\/e12ff39c2b895e06740aedcab298b84eefd25bc01a9f001b57bd579d456fcdb0?s=96&d=mm&r=g\",\"url\":\"https:\\\/\\\/secure.gravatar.com\\\/avatar\\\/e12ff39c2b895e06740aedcab298b84eefd25bc01a9f001b57bd579d456fcdb0?s=96&d=mm&r=g\",\"contentUrl\":\"https:\\\/\\\/secure.gravatar.com\\\/avatar\\\/e12ff39c2b895e06740aedcab298b84eefd25bc01a9f001b57bd579d456fcdb0?s=96&d=mm&r=g\",\"caption\":\"Mathilde Goisset\"}}]}<\/script>\n<!-- \/ Yoast SEO plugin. -->","yoast_head_json":{"title":"Freelance.com \u00fcberschreitet erneut die Marke von 1 Milliarde Euro Umsatz - Helvetic Payroll","description":"Zum zweiten Mal in Folge \u00fcberschreitet Freelance.com die Marke von 1 Milliarde Euro Umsatz und best\u00e4tigt damit die St\u00e4rke seines Gesch\u00e4ftsmodells und flexibler Arbeitsmodelle.","robots":{"index":"index","follow":"follow","max-snippet":"max-snippet:-1","max-image-preview":"max-image-preview:large","max-video-preview":"max-video-preview:-1"},"canonical":"https:\/\/www.helvetic-payroll.ch\/de\/blog\/cat-news\/freelance-com-ueberschreitet-erneut-die-marke-von-1-milliarde-euro-umsatz\/","og_locale":"de_DE","og_type":"article","og_title":"Freelance.com \u00fcberschreitet erneut die Marke von 1 Milliarde Euro Umsatz - Helvetic Payroll","og_description":"Zum zweiten Mal in Folge \u00fcberschreitet Freelance.com die Marke von 1 Milliarde Euro Umsatz und best\u00e4tigt damit die St\u00e4rke seines Gesch\u00e4ftsmodells und flexibler Arbeitsmodelle.","og_url":"https:\/\/www.helvetic-payroll.ch\/de\/blog\/cat-news\/freelance-com-ueberschreitet-erneut-die-marke-von-1-milliarde-euro-umsatz\/","og_site_name":"Helvetic Payroll","article_publisher":"https:\/\/www.facebook.com\/HelveticPayroll","article_published_time":"2026-02-26T16:41:24+00:00","article_modified_time":"2026-02-26T16:41:25+00:00","og_image":[{"width":800,"height":800,"url":"https:\/\/www.helvetic-payroll.ch\/wp-content\/uploads\/2026\/02\/Freelance.com-CA-2025.jpeg","type":"image\/jpeg"}],"author":"Mathilde Goisset","twitter_card":"summary_large_image","twitter_creator":"@HelveticPayroll","twitter_site":"@HelveticPayroll","twitter_misc":{"Verfasst von":"Mathilde Goisset","Gesch\u00e4tzte Lesezeit":"3 Minuten"},"schema":{"@context":"https:\/\/schema.org","@graph":[{"@type":"Article","@id":"https:\/\/www.helvetic-payroll.ch\/de\/blog\/cat-news\/freelance-com-ueberschreitet-erneut-die-marke-von-1-milliarde-euro-umsatz\/#article","isPartOf":{"@id":"https:\/\/www.helvetic-payroll.ch\/de\/blog\/cat-news\/freelance-com-ueberschreitet-erneut-die-marke-von-1-milliarde-euro-umsatz\/"},"author":{"name":"Mathilde Goisset","@id":"https:\/\/www.helvetic-payroll.ch\/fr\/#\/schema\/person\/7921898d99440866ad00f68694eae384"},"headline":"Freelance.com \u00fcberschreitet erneut die Marke von 1 Milliarde Euro Umsatz","datePublished":"2026-02-26T16:41:24+00:00","dateModified":"2026-02-26T16:41:25+00:00","mainEntityOfPage":{"@id":"https:\/\/www.helvetic-payroll.ch\/de\/blog\/cat-news\/freelance-com-ueberschreitet-erneut-die-marke-von-1-milliarde-euro-umsatz\/"},"wordCount":524,"commentCount":0,"publisher":{"@id":"https:\/\/www.helvetic-payroll.ch\/fr\/#organization"},"image":{"@id":"https:\/\/www.helvetic-payroll.ch\/de\/blog\/cat-news\/freelance-com-ueberschreitet-erneut-die-marke-von-1-milliarde-euro-umsatz\/#primaryimage"},"thumbnailUrl":"https:\/\/www.helvetic-payroll.ch\/wp-content\/uploads\/2026\/02\/Freelance.com-CA-2025.jpeg","articleSection":["Nachrichten"],"inLanguage":"de-DE","potentialAction":[{"@type":"CommentAction","name":"Comment","target":["https:\/\/www.helvetic-payroll.ch\/de\/blog\/cat-news\/freelance-com-ueberschreitet-erneut-die-marke-von-1-milliarde-euro-umsatz\/#respond"]}]},{"@type":"WebPage","@id":"https:\/\/www.helvetic-payroll.ch\/de\/blog\/cat-news\/freelance-com-ueberschreitet-erneut-die-marke-von-1-milliarde-euro-umsatz\/","url":"https:\/\/www.helvetic-payroll.ch\/de\/blog\/cat-news\/freelance-com-ueberschreitet-erneut-die-marke-von-1-milliarde-euro-umsatz\/","name":"Freelance.com \u00fcberschreitet erneut die Marke von 1 Milliarde Euro Umsatz - Helvetic Payroll","isPartOf":{"@id":"https:\/\/www.helvetic-payroll.ch\/fr\/#website"},"primaryImageOfPage":{"@id":"https:\/\/www.helvetic-payroll.ch\/de\/blog\/cat-news\/freelance-com-ueberschreitet-erneut-die-marke-von-1-milliarde-euro-umsatz\/#primaryimage"},"image":{"@id":"https:\/\/www.helvetic-payroll.ch\/de\/blog\/cat-news\/freelance-com-ueberschreitet-erneut-die-marke-von-1-milliarde-euro-umsatz\/#primaryimage"},"thumbnailUrl":"https:\/\/www.helvetic-payroll.ch\/wp-content\/uploads\/2026\/02\/Freelance.com-CA-2025.jpeg","datePublished":"2026-02-26T16:41:24+00:00","dateModified":"2026-02-26T16:41:25+00:00","description":"Zum zweiten Mal in Folge \u00fcberschreitet Freelance.com die Marke von 1 Milliarde Euro Umsatz und best\u00e4tigt damit die St\u00e4rke seines Gesch\u00e4ftsmodells und flexibler Arbeitsmodelle.","inLanguage":"de-DE","potentialAction":[{"@type":"ReadAction","target":["https:\/\/www.helvetic-payroll.ch\/de\/blog\/cat-news\/freelance-com-ueberschreitet-erneut-die-marke-von-1-milliarde-euro-umsatz\/"]}]},{"@type":"ImageObject","inLanguage":"de-DE","@id":"https:\/\/www.helvetic-payroll.ch\/de\/blog\/cat-news\/freelance-com-ueberschreitet-erneut-die-marke-von-1-milliarde-euro-umsatz\/#primaryimage","url":"https:\/\/www.helvetic-payroll.ch\/wp-content\/uploads\/2026\/02\/Freelance.com-CA-2025.jpeg","contentUrl":"https:\/\/www.helvetic-payroll.ch\/wp-content\/uploads\/2026\/02\/Freelance.com-CA-2025.jpeg","width":800,"height":800,"caption":"Freelance.com CA 2025"},{"@type":"WebSite","@id":"https:\/\/www.helvetic-payroll.ch\/fr\/#website","url":"https:\/\/www.helvetic-payroll.ch\/fr\/","name":"Helvetic Payroll","description":"","publisher":{"@id":"https:\/\/www.helvetic-payroll.ch\/fr\/#organization"},"potentialAction":[{"@type":"SearchAction","target":{"@type":"EntryPoint","urlTemplate":"https:\/\/www.helvetic-payroll.ch\/fr\/?s={search_term_string}"},"query-input":{"@type":"PropertyValueSpecification","valueRequired":true,"valueName":"search_term_string"}}],"inLanguage":"de-DE"},{"@type":"Organization","@id":"https:\/\/www.helvetic-payroll.ch\/fr\/#organization","name":"Helvetic Payroll","url":"https:\/\/www.helvetic-payroll.ch\/fr\/","logo":{"@type":"ImageObject","inLanguage":"de-DE","@id":"https:\/\/www.helvetic-payroll.ch\/fr\/#\/schema\/logo\/image\/","url":"https:\/\/www.helvetic-payroll.ch\/wp-content\/uploads\/2025\/07\/HP-Logo-couleur-scaled.png","contentUrl":"https:\/\/www.helvetic-payroll.ch\/wp-content\/uploads\/2025\/07\/HP-Logo-couleur-scaled.png","width":2560,"height":1204,"caption":"Helvetic Payroll"},"image":{"@id":"https:\/\/www.helvetic-payroll.ch\/fr\/#\/schema\/logo\/image\/"},"sameAs":["https:\/\/www.facebook.com\/HelveticPayroll","https:\/\/x.com\/HelveticPayroll"]},{"@type":"Person","@id":"https:\/\/www.helvetic-payroll.ch\/fr\/#\/schema\/person\/7921898d99440866ad00f68694eae384","name":"Mathilde Goisset","image":{"@type":"ImageObject","inLanguage":"de-DE","@id":"https:\/\/secure.gravatar.com\/avatar\/e12ff39c2b895e06740aedcab298b84eefd25bc01a9f001b57bd579d456fcdb0?s=96&d=mm&r=g","url":"https:\/\/secure.gravatar.com\/avatar\/e12ff39c2b895e06740aedcab298b84eefd25bc01a9f001b57bd579d456fcdb0?s=96&d=mm&r=g","contentUrl":"https:\/\/secure.gravatar.com\/avatar\/e12ff39c2b895e06740aedcab298b84eefd25bc01a9f001b57bd579d456fcdb0?s=96&d=mm&r=g","caption":"Mathilde Goisset"}}]}},"_links":{"self":[{"href":"https:\/\/www.helvetic-payroll.ch\/de\/wp-json\/wp\/v2\/posts\/4972","targetHints":{"allow":["GET"]}}],"collection":[{"href":"https:\/\/www.helvetic-payroll.ch\/de\/wp-json\/wp\/v2\/posts"}],"about":[{"href":"https:\/\/www.helvetic-payroll.ch\/de\/wp-json\/wp\/v2\/types\/post"}],"author":[{"embeddable":true,"href":"https:\/\/www.helvetic-payroll.ch\/de\/wp-json\/wp\/v2\/users\/16"}],"replies":[{"embeddable":true,"href":"https:\/\/www.helvetic-payroll.ch\/de\/wp-json\/wp\/v2\/comments?post=4972"}],"version-history":[{"count":0,"href":"https:\/\/www.helvetic-payroll.ch\/de\/wp-json\/wp\/v2\/posts\/4972\/revisions"}],"wp:featuredmedia":[{"embeddable":true,"href":"https:\/\/www.helvetic-payroll.ch\/de\/wp-json\/wp\/v2\/media\/4970"}],"wp:attachment":[{"href":"https:\/\/www.helvetic-payroll.ch\/de\/wp-json\/wp\/v2\/media?parent=4972"}],"wp:term":[{"taxonomy":"category","embeddable":true,"href":"https:\/\/www.helvetic-payroll.ch\/de\/wp-json\/wp\/v2\/categories?post=4972"},{"taxonomy":"post_tag","embeddable":true,"href":"https:\/\/www.helvetic-payroll.ch\/de\/wp-json\/wp\/v2\/tags?post=4972"},{"taxonomy":"fp_author","embeddable":true,"href":"https:\/\/www.helvetic-payroll.ch\/de\/wp-json\/wp\/v2\/posts_author?post=4972"}],"curies":[{"name":"wp","href":"https:\/\/api.w.org\/{rel}","templated":true}]}}